[{"@context":"https:\/\/schema.org\/","@type":"Article","@id":"https:\/\/www.pokymax.cz\/meli-bychom-dat-prednost-tomu-mit-firemni-sidlo-v-praze\/#Article","mainEntityOfPage":"https:\/\/www.pokymax.cz\/meli-bychom-dat-prednost-tomu-mit-firemni-sidlo-v-praze\/","headline":"M\u011bli bychom d\u00e1t p\u0159ednost tomu m\u00edt firemn\u00ed s\u00eddlo v Praze","name":"M\u011bli bychom d\u00e1t p\u0159ednost tomu m\u00edt firemn\u00ed s\u00eddlo v Praze","description":"Ot\u00e1zka, kde m\u00e1 na\u0161e firma s\u00eddlit, je slo\u017eit\u011bj\u0161\u00ed, ne\u017e by se mohlo na prvn\u00ed pohled zd\u00e1t. Samoz\u0159ejm\u011b, zdaleka nejpopul\u00e1rn\u011bj\u0161\u00ed je [&hellip;]","datePublished":"2023-11-19","dateModified":"2023-12-20","author":{"@type":"Person","@id":"https:\/\/www.pokymax.cz\/author\/#Person","name":"","url":"https:\/\/www.pokymax.cz\/author\/","identifier":1,"image":{"@type":"ImageObject","@id":"https:\/\/secure.gravatar.com\/avatar\/4b051168bd2ace843d503d3432ebc4a96ac13303845197b3f2a2634cb21029f6?s=96&d=mm&r=g","url":"https:\/\/secure.gravatar.com\/avatar\/4b051168bd2ace843d503d3432ebc4a96ac13303845197b3f2a2634cb21029f6?s=96&d=mm&r=g","height":96,"width":96}},"publisher":{"@type":"Organization","name":"pokymax.cz","logo":{"@type":"ImageObject","@id":"\/logo.png","url":"\/logo.png","width":600,"height":60}},"image":{"@type":"ImageObject","@id":"https:\/\/www.pokymax.cz\/wp-content\/uploads\/firma2_10_10_10_7.jpg","url":"https:\/\/www.pokymax.cz\/wp-content\/uploads\/firma2_10_10_10_7.jpg","height":0,"width":0},"url":"https:\/\/www.pokymax.cz\/meli-bychom-dat-prednost-tomu-mit-firemni-sidlo-v-praze\/","about":["Business"],"wordCount":413,"articleBody":"   Ot\u00e1zka, kde m\u00e1 na\u0161e firma s\u00eddlit, je slo\u017eit\u011bj\u0161\u00ed, ne\u017e by se mohlo na prvn\u00ed pohled zd\u00e1t. Samoz\u0159ejm\u011b, zdaleka nejpopul\u00e1rn\u011bj\u0161\u00ed je m\u00edt firemn\u00ed s\u00eddlo v Praze, a nen\u00ed divu. Je to nejen na\u0161e hlavn\u00ed m\u011bsto, ale tak\u00e9 centrum obchodu, a to i zahrani\u010dn\u00edho. Opomenout nelze ani presti\u017enost t\u00e9to lokality, zvl\u00e1\u0161t\u011b u zahrani\u010dn\u00edch klient\u016f.To v\u0161e v\u0161ak ani zdaleka neznamen\u00e1, \u017ee je vhodn\u00e9 pro ka\u017ed\u00e9ho. Ve skute\u010dnosti je ve h\u0159e mnoho faktor\u016f, kter\u00e9 mohou zp\u016fsobit, \u017ee se Praha nakonec uk\u00e1\u017ee jako zdaleka ne tak vhodn\u00e1 lokalita.T\u00edm prvn\u00edm jsou na\u0161e finan\u010dn\u00ed mo\u017enosti. To, \u017ee v Praze jsou ceny vy\u0161\u0161\u00ed, je v\u0161eobecn\u011b zn\u00e1mo. Ov\u0161em net\u00fdk\u00e1 se to jen nemovitost\u00ed, o kter\u00fdch je zde \u0159e\u010d p\u0159edev\u0161\u00edm, n\u00fdbr\u017e i prakticky v\u0161ech ostatn\u00edch komodit. Pokud tedy budeme cht\u00edt na\u0161e firemn\u00ed s\u00eddlo pat\u0159i\u010dn\u011b vybavit, mus\u00edme se p\u0159ipravit, \u017ee zaplat\u00edme podstatn\u011b v\u00edce.Platy jsou zde tak\u00e9 v pr\u016fm\u011bru vy\u0161\u0161\u00ed, co\u017e znamen\u00e1, \u017ee i my budeme muset sv\u00fdm zam\u011bstnanc\u016fm platit v\u00edce, tedy alespo\u0148 pokud si je budeme cht\u00edt udr\u017eet. To znamen\u00e1 m\u011bs\u00ed\u010dn\u011b dal\u0161\u00ed n\u00e1klady nav\u00edc, co\u017e je n\u011bco, co si jen m\u00e1lokter\u00fd za\u010d\u00ednaj\u00edc\u00ed podnikatel m\u016f\u017ee dovolit.Pak je tu tak\u00e9 fakt, \u017ee je zde mnohem v\u011bt\u0161\u00ed konkurence, ne\u017e kdekoliv jinde. To tak\u00e9 znamen\u00e1, \u017ee je podstatn\u011b t\u011b\u017e\u0161\u00ed prosadit se, a mnohem vy\u0161\u0161\u00ed pravd\u011bpodobnost, \u017ee na\u0161e podnik\u00e1n\u00ed zkrachuje. Pokud nem\u00e1me skute\u010dn\u011b dobr\u00fd podnikatelsk\u00fd pl\u00e1n, pak nem\u016f\u017eeme za takov\u00fdchto podm\u00ednek po\u010d\u00edtat s \u00fasp\u011bchem.Je tedy pochopiteln\u00e9, \u017ee bychom ve v\u011bt\u0161in\u011b p\u0159\u00edpad\u016f m\u011bli d\u00e1t p\u0159ednost jin\u00e9 lokalit\u011b, kter\u00e1 bude v kone\u010dn\u00e9m d\u016fsledku levn\u011bj\u0161\u00ed, a to p\u0159edev\u0161\u00edm z dlouhodob\u00e9ho hlediska, a kde bude na\u0161e nad\u011bje na \u00fasp\u011bch podstatn\u011b vy\u0161\u0161\u00ed. Podnik\u00e1n\u00ed je toti\u017e u\u017e tak velmi rizikov\u00e9, tak\u017ee sna\u017eit se zv\u00fd\u0161it \u0161ance na \u00fasp\u011bch je n\u011bco, o co bychom se m\u011bli sna\u017eit. Jinak toti\u017e bude prakticky jasn\u00e9, \u017ee na\u0161e firma velmi brzy zkrachuje, a my se dostaneme do dluh\u016f. Co\u017e je n\u011bco, \u010demu je ide\u00e1ln\u00ed se vyhnout.                                                                                                                                                                                                                                                                                                                                                                                          3.9\/5 - (9 votes)        "},{"@context":"https:\/\/schema.org\/","@type":"BreadcrumbList","itemListElement":[{"@type":"ListItem","position":1,"name":"M\u011bli bychom d\u00e1t p\u0159ednost tomu m\u00edt firemn\u00ed s\u00eddlo v Praze","item":"https:\/\/www.pokymax.cz\/meli-bychom-dat-prednost-tomu-mit-firemni-sidlo-v-praze\/#breadcrumbitem"}]}]