[{"@context":"https:\/\/schema.org\/","@type":"Article","@id":"https:\/\/www.pokymax.cz\/galerie-vytvarneho-umeni-soucasti-antikvariatu\/#Article","mainEntityOfPage":"https:\/\/www.pokymax.cz\/galerie-vytvarneho-umeni-soucasti-antikvariatu\/","headline":"Galerie v\u00fdtvarn\u00e9ho um\u011bn\u00ed sou\u010d\u00e1st\u00ed Antikvari\u00e1tu","name":"Galerie v\u00fdtvarn\u00e9ho um\u011bn\u00ed sou\u010d\u00e1st\u00ed Antikvari\u00e1tu","description":"Skloubit prodej star\u00fdch knih s vystavov\u00e1n\u00edm um\u011bleck\u00fdch obraz\u016f se ur\u010dit\u011b povede, pokud se vhodn\u011b p\u0159iprav\u00ed prodejn\u00ed prostory. Nejd\u016fle\u017eit\u011bj\u0161\u00ed je zajistit [&hellip;]","datePublished":"2020-02-14","dateModified":"2023-05-10","author":{"@type":"Person","@id":"https:\/\/www.pokymax.cz\/author\/#Person","name":"","url":"https:\/\/www.pokymax.cz\/author\/","identifier":1,"image":{"@type":"ImageObject","@id":"https:\/\/secure.gravatar.com\/avatar\/4b051168bd2ace843d503d3432ebc4a96ac13303845197b3f2a2634cb21029f6?s=96&d=mm&r=g","url":"https:\/\/secure.gravatar.com\/avatar\/4b051168bd2ace843d503d3432ebc4a96ac13303845197b3f2a2634cb21029f6?s=96&d=mm&r=g","height":96,"width":96}},"publisher":{"@type":"Organization","name":"pokymax.cz","logo":{"@type":"ImageObject","@id":"\/logo.png","url":"\/logo.png","width":600,"height":60}},"image":{"@type":"ImageObject","@id":"https:\/\/www.pokymax.cz\/wp-content\/uploads\/img_a371846_w3133_t1583010682.jpg","url":"https:\/\/www.pokymax.cz\/wp-content\/uploads\/img_a371846_w3133_t1583010682.jpg","height":0,"width":0},"url":"https:\/\/www.pokymax.cz\/galerie-vytvarneho-umeni-soucasti-antikvariatu\/","about":["Kultura"],"wordCount":415,"articleBody":"Skloubit prodej star\u00fdch knih s vystavov\u00e1n\u00edm um\u011bleck\u00fdch obraz\u016f se ur\u010dit\u011b povede, pokud se vhodn\u011b p\u0159iprav\u00ed prodejn\u00ed prostory. Nejd\u016fle\u017eit\u011bj\u0161\u00ed je zajistit m\u00edsto, kter\u00e9 pro svou prezentaci obrazy pot\u0159ebuj\u00ed. Nab\u00edz\u00ed se nejen to, nad reg\u00e1ly s knihami, kter\u00e9 se vine pod\u00e9l cel\u00e9ho Antikvari\u00e1tu. Variabiln\u00ed uspo\u0159\u00e1d\u00e1n\u00ed n\u00e1bytku, ve st\u0159edn\u00edm prostoru prodejny, umo\u017en\u00ed p\u0159i vernis\u00e1\u017ei oboustrann\u00e9 zav\u011b\u0161en\u00ed obraz\u016f&nbsp; po cel\u00e9 jeho d\u00e9lce. A kvalitn\u00edm v\u00fdb\u011brem a vystaven\u00edm zaj\u00edmav\u00fdch v\u00fdtvarn\u00fdch prac\u00ed se z Antikvari\u00e1tu stane v kr\u00e1tk\u00e9m \u010dase kulturn\u00ed st\u00e1nek, do kter\u00e9ho budou r\u00e1di doch\u00e1zet v\u0161ichni milovn\u00edci um\u011bn\u00ed.\tVernis\u00e1\u017ee, kter\u00fdmi b\u00fdvaj\u00ed v\u00fdstavy uvedeny, nab\u00edzej\u00ed mnoho variant. A\u0165 u\u017e \u00favodn\u00ed slovo doprovod\u00ed na hudebn\u00ed n\u00e1stroj n\u011bkter\u00fd z m\u00edstn\u00edch muzikant\u016f \u010di zazp\u00edv\u00e1 zn\u00e1m\u00fd s\u00f3lista. P\u0159\u00edjemn\u00fdm zpest\u0159en\u00edm je vystoupen\u00ed d\u011bt\u00ed z p\u011bveck\u00e9ho sboru. Nebo mal\u00fdch hudebn\u00edk\u016f z um\u011bleck\u00e9 \u0161koly. Vzhledem k vystavovan\u00fdm d\u00edl\u016fm je vhodn\u00e1 i citliv\u011b zvolen\u00e1 recitace. S hudebn\u00edm doprovodem.\tPl\u00e1n v\u00fdstav je pot\u0159eba vytvo\u0159it alespo\u0148 s p\u016flro\u010dn\u00edm p\u0159edstihem, aby nedo\u0161lo k naru\u0161en\u00ed chodu galerie. V\u00fdtvarn\u00edk pot\u0159ebuje p\u0159ed realizac\u00ed v\u00fdstavy dostatek \u010dasu. Aby sv\u00e1 d\u00edla na svoji vernis\u00e1\u017e pe\u010dliv\u011b p\u0159ipravil. Obzvl\u00e1\u0161t\u011b v\u00fdtvarn\u00e1 d\u00edla, kter\u00e1 se p\u0159ev\u00e1\u017eej\u00ed z druh\u00e9ho konce republiky, vy\u017eaduj\u00ed dostatek \u010dasu na balen\u00ed. Aby se cestou nepo\u0161kodila. Velkou d\u00e1vku opatrnosti vy\u017eaduj\u00ed socha\u0159sk\u00e1 d\u00edla. Pro jejich prezentaci jsou vhodn\u00e9 speci\u00e1ln\u00ed stojany, kter\u00e9 je ochr\u00e1n\u00ed p\u0159ed po\u0161kozen\u00edm. Stejn\u00e9 zabezpe\u010den\u00ed vy\u017eaduj\u00ed skl\u00e1\u0159sk\u00e9 i keramick\u00e9 um\u011bleck\u00e9 v\u00fdrobky.\t\tNejv\u00edce nav\u0161t\u00edvenou je vernis\u00e1\u017e prac\u00ed d\u011bt\u00ed m\u00edstn\u00edho v\u00fdtvarn\u00e9ho krou\u017eku. Prob\u00edh\u00e1 p\u0159ed za\u010d\u00e1tkem letn\u00edch pr\u00e1zdnin, kdy u\u017e je celoro\u010dn\u00ed tvorba dokon\u010dena. Pod\u00edvat se na v\u00fdtvarn\u00e1 d\u00edla sv\u00fdch d\u011bt\u00ed nep\u0159ich\u00e1zej\u00ed jenom rodi\u010de a prarodi\u010de. \u010cast\u00fdmi n\u00e1v\u0161t\u011bvn\u00edky jsou i spolu\u017e\u00e1ci, kte\u0159\u00ed oce\u0148uj\u00ed v\u00fdtvarn\u00fd talent sv\u00fdch kamar\u00e1d\u016f. A \u017ee b\u00fdvaj\u00ed k vid\u011bn\u00ed opravdu um\u011blecky zaj\u00edmav\u00e9 pr\u00e1ce.                                                                                                                                                                                                                                                                                                                                                                                        3.9\/5 - (8 votes)        "},{"@context":"https:\/\/schema.org\/","@type":"BreadcrumbList","itemListElement":[{"@type":"ListItem","position":1,"name":"Galerie v\u00fdtvarn\u00e9ho um\u011bn\u00ed sou\u010d\u00e1st\u00ed Antikvari\u00e1tu","item":"https:\/\/www.pokymax.cz\/galerie-vytvarneho-umeni-soucasti-antikvariatu\/#breadcrumbitem"}]}]